{"id":1070,"date":"2022-06-17T11:05:29","date_gmt":"2022-06-17T09:05:29","guid":{"rendered":"https:\/\/interbaproject.com\/?p=1070"},"modified":"2023-01-07T23:29:28","modified_gmt":"2023-01-07T21:29:28","slug":"universitetet-e-ballkanit-drejt-nderkombetarizimit","status":"publish","type":"post","link":"https:\/\/interbaproject.com\/?p=1070","title":{"rendered":"Universitetet e Ballkanit drejt nd\u00ebrkomb\u00ebtarizimit"},"content":{"rendered":"<h3>Universitetet e Ballkanit drejt nd\u00ebrkomb\u00ebtarizimit<\/h3>\n<p>Nj\u00eb takim sqarues mbi projektin INTERBA u zhvillua n\u00eb mjediset e Universitetit Europian t\u00eb Tiran\u00ebs, institucion partner bashk\u00eb me nj\u00eb s\u00ebr\u00eb universitetesh nga rajoni dhe vendet e Bashkimit Europian.<\/p>\n<p>Nd\u00ebrkomb\u00ebtarizimi n\u00eb Sht\u00ebpi \u00ebsht\u00eb projekti q\u00eb synon t\u00eb modernizoj\u00eb dhe p\u00ebrmir\u00ebsoj\u00eb cil\u00ebsin\u00eb e arsimit t\u00eb lart\u00eb n\u00eb universitetet e Ballkanit Per\u00ebndimor. Nj\u00eb takim sqarues mbi projektin INTERBA u zhvillua n\u00eb mjediset e Universitetit Europian t\u00eb Tiran\u00ebs, institucion partner bashk\u00eb me nj\u00eb s\u00ebr\u00eb universitetesh nga rajoni dhe vendet e Bashkimit Europian. Me sfidat e arsimit n\u00eb shekullin 21, qasja nd\u00ebrkomb\u00ebtare shihet si jetike.<\/p>\n<p>Dijet e p\u00ebrftuara n\u00eb universitete nuk kan\u00eb m\u00eb vet\u00ebm ambicie lokale. Gjithnj\u00eb me shum\u00eb student\u00ebt k\u00ebrkojn\u00eb t\u00eb mjesht\u00ebrohen n\u00eb ato aft\u00ebsi profesionale q\u00eb k\u00ebrkon tregu global.<br \/>\nHapja apo nd\u00ebrkomb\u00ebtarizimi i universiteteve n\u00eb rajonin e Ballkanit- ende i pa integruar n\u00eb familjen e madhe t\u00eb Bashkimit Europian, por me d\u00ebshir\u00ebn e mir\u00eb dhe p\u00ebrpjekjet p\u00ebr t\u00eb marr\u00eb praktikat m\u00eb t\u00eb mira nga k\u00ebto vende \u2013 i ka dh\u00ebn\u00eb frytet, sakaq.<\/p>\n<p>Modernizimi i programeve m\u00ebsimore dhe ekspozim ndaj metodologjive t\u00eb ndryshme t\u00eb m\u00ebsimdh\u00ebnies dhe nx\u00ebnies sjellin sot nj\u00eb kuptim m\u00eb t\u00eb qart\u00eb mbi rolin e arsimit n\u00eb shekullin 21.<br \/>\nPor megjith\u00eb p\u00ebrfitimet q\u00eb vijn\u00eb si rezultat i k\u00ebtyre projekteve nd\u00ebrkomb\u00ebtarizuese, numri i kufizuar i student\u00ebve dhe stafit ka dh\u00ebn\u00eb nj\u00eb lloj ndikimi disi asimetrik. Disa departamente kan\u00eb p\u00ebrfituar m\u00eb shum\u00eb se t\u00eb tjer\u00ebt.<br \/>\nP\u00ebr t\u00eb dh\u00ebn\u00eb informacion m\u00eb t\u00eb gjer\u00eb e t\u00eb holl\u00ebsish\u00ebm mbi projektin e nd\u00ebrkomb\u00ebtarizimit n\u00eb Ballkanin Per\u00ebndimor, i njohur ndryshe si Interba, n\u00eb mjediset e Universitetit Europian t\u00eb Tiran\u00ebs, m\u00eb 26 prill, u organizua nj\u00eb aktivitet, q\u00eb sh\u00ebnjestroi stafin akademik dhe student\u00ebt e Universitetit Europian t\u00eb Tiran\u00ebs e po ashtu stafin nd\u00ebrkomb\u00ebtar t\u00eb ftuar n\u00eb kuad\u00ebr t\u00eb Dit\u00ebve Nd\u00ebrkomb\u00ebtare 2022, q\u00eb u mbajt\u00ebn n\u00eb jav\u00ebn e fundit t\u00eb muajit prill.<\/p>\n<p>T\u00eb ftuar n\u00eb k\u00ebt\u00eb takim ishin Prof. Assoc. Dr. Mirdaim Axhami, profesor n\u00eb Fakultetin e Ekonomis\u00eb, Universiteti i Tiran\u00ebs \u2013 Institucioni lider n\u00eb projektin INTERBA \u2013 Prof. Dr. Irma Grdzelidze, profesore n\u00eb Universitetin Teknik t\u00eb Gjeorgjis\u00eb dhe eksperte p\u00ebr nd\u00ebrkomb\u00ebtarizimin, ekspert\u00ebt ky\u00e7 t\u00eb UET, t\u00eb angazhuar n\u00eb projektin INTERBA si dhe student\u00eb t\u00eb UET.<\/p>\n<p>Takimi u fokusua n\u00eb prezantimin e p\u00ebrgjithsh\u00ebm t\u00eb projektit, objektivat dhe progresin e zbatimit t\u00eb projektit nga Prof. Axhami, prezantimin e platform\u00ebs Moodle, e cila do t\u00eb p\u00ebrdoret p\u00ebr zhvillimin e trajnimeve qe projekti parashikon, dhe vler\u00ebsimin nga Prof. Grdzelidze p\u00ebr statusin e nd\u00ebrkomb\u00ebtarizimit n\u00eb sht\u00ebpi, n\u00eb UET.<br \/>\n\u201cQasja e nd\u00ebrkomb\u00ebtarizimit n\u00eb nj\u00eb m\u00ebnyr\u00eb m\u00eb holistike, duke p\u00ebrvet\u00ebsuar dhe forcuar \u201cnd\u00ebrkomb\u00ebtarizimin n\u00eb vend\u201d, \u00ebsht\u00eb jetike\u201d, shprehet Dr.Ketrina \u00c7abiri Mijo, nga Zyra e Projekteve dhe Nd\u00ebrkomb\u00ebtarizimit n\u00eb UET. Projekti, sqaron m\u00eb tej ajo, synon t\u00eb forcoj\u00eb dimensionin nd\u00ebrkomb\u00ebtare, nd\u00ebrkulturor dhe global p\u00ebrmes zbatimit t\u00eb Nd\u00ebrkomb\u00ebtarizimit n\u00eb Sht\u00ebpi (IaH)me institucionet partnere t\u00eb arsimit t\u00eb lart\u00eb, p\u00ebr t\u00eb rritur cil\u00ebsin\u00eb e arsimit dhe p\u00ebr t\u00eb dh\u00ebn\u00eb kontribut m\u00eb kuptimplot\u00eb n\u00eb shoq\u00ebri.<br \/>\nKy projekt mb\u00ebshtetet nga Bashkimi Europian, skema Earsmus + CBHE dhe do t\u00eb zhvilloj\u00eb n\u00eb m\u00ebnyr\u00eb t\u00eb vazhdueshme veprimtari informuese, si p\u00ebrpjekje p\u00ebr t\u00eb shtuar numrin e p\u00ebrfituesve sa m\u00eb shum\u00eb t\u00eb jet\u00eb e mundur, si edhe p\u00ebr t\u00eb siguruar q\u00ebndrueshm\u00ebrin\u00eb e ndikimit t\u00eb arritur.<\/p>\n<p>T\u00eb tjer\u00eb objektiva t\u00eb k\u00ebtij projekti p\u00ebrfshijn\u00eb formulimin e nj\u00eb koncepti m\u00eb t\u00eb detajuar t\u00eb Nd\u00ebrkomb\u00ebtarizimit n\u00eb Sht\u00ebpi, q\u00eb mund t\u00eb b\u00ebhet m\u00eb pas pjes\u00eb e pjes\u00eb e udh\u00ebzuesve t\u00eb universiteteve partnere, si edhe t\u00eb rris\u00eb realizueshm\u00ebrin\u00eb e veprimtarive n\u00eb kuad\u00ebr t\u00eb k\u00ebtij projekti, n\u00eb universitetet partnere, si edhe t\u00eb ngrej\u00eb e modernizoj\u00eb struktur\u00ebn p\u00ebrgjegj\u00ebse t\u00eb k\u00ebtij projekti, n\u00eb universitete.<\/p>\n<p>Gjat\u00eb vitit t\u00eb par\u00eb t\u00eb projektit \u00ebsht\u00eb kryer nj\u00eb analiz\u00eb e t\u00eb gjitha projekteve t\u00eb m\u00ebparshme nd\u00ebrkomb\u00ebtare t\u00eb zbatuara n\u00eb \u00e7do vend brenda fush\u00ebs s\u00eb nd\u00ebrkomb\u00ebtarizimit. Kjo jo vet\u00ebm q\u00eb i ka dh\u00ebn\u00eb nj\u00eb v\u00ebshtrim t\u00eb p\u00ebrgjithsh\u00ebm t\u00eb mekanizmave t\u00eb p\u00ebrdorur p\u00ebr t\u00eb rritur nd\u00ebrkomb\u00ebtarizimin, por gjithashtu ofron nj\u00eb analiz\u00eb t\u00eb hendekut q\u00eb hap port\u00ebn p\u00ebr p\u00ebrmir\u00ebsim t\u00eb m\u00ebtejsh\u00ebm dhe sistematik.<\/p>\n<p><img loading=\"lazy\" decoding=\"async\" class=\"alignnone wp-image-1071 size-full\" src=\"https:\/\/interbaproject.com\/wp-content\/uploads\/2022\/06\/001.jpg\" alt=\"\" width=\"473\" height=\"355\" srcset=\"https:\/\/interbaproject.com\/wp-content\/uploads\/2022\/06\/001.jpg 473w, https:\/\/interbaproject.com\/wp-content\/uploads\/2022\/06\/001-300x225.jpg 300w\" sizes=\"auto, (max-width: 473px) 100vw, 473px\" \/><\/p>\n<p>Partner\u00eb n\u00eb k\u00ebt\u00eb projekt jan\u00eb: Universiteti Europian i Tiran\u00ebs dhe Universiteti i Tiran\u00ebs nga Shqip\u00ebria, Universiteti i Prishtin\u00ebs dhe Kolegji Universum nga Kosova, Universiteti i Tuzl\u00ebs dhe ai i Mostarit \u201cDzemal Bijedic\u201d nga Bosnje dhe Hercegovina, Universiteti i Cagliari-t dhe Qendra Europian p\u00ebr Studime dhe Iniciativa nga Italia, Universiteti i Hamburgut nga Gjermania dhe ai i Middlesex, nga Anglia, t\u00eb cil\u00ebt e b\u00ebjn\u00eb hart\u00ebn e bashk\u00ebpunimit gjith\u00ebp\u00ebrfshir\u00ebse.<\/p>\n","protected":false},"excerpt":{"rendered":"<p>Universitetet e Ballkanit drejt nd\u00ebrkomb\u00ebtarizimit Nj\u00eb takim sqarues mbi projektin INTERBA u zhvillua n\u00eb mjediset e Universitetit Europian t\u00eb Tiran\u00ebs,<\/p>\n","protected":false},"author":2,"featured_media":1071,"comment_status":"closed","ping_status":"closed","sticky":false,"template":"","format":"standard","meta":{"rs_blank_template":"","rs_page_bg_color":"","slide_template_v7":"","footnotes":""},"categories":[5,1],"tags":[],"class_list":["post-1070","post","type-post","status-publish","format-standard","has-post-thumbnail","hentry","category-activities","category-uncategorized"],"_links":{"self":[{"href":"https:\/\/interbaproject.com\/index.php?rest_route=\/wp\/v2\/posts\/1070","targetHints":{"allow":["GET"]}}],"collection":[{"href":"https:\/\/interbaproject.com\/index.php?rest_route=\/wp\/v2\/posts"}],"about":[{"href":"https:\/\/interbaproject.com\/index.php?rest_route=\/wp\/v2\/types\/post"}],"author":[{"embeddable":true,"href":"https:\/\/interbaproject.com\/index.php?rest_route=\/wp\/v2\/users\/2"}],"replies":[{"embeddable":true,"href":"https:\/\/interbaproject.com\/index.php?rest_route=%2Fwp%2Fv2%2Fcomments&post=1070"}],"version-history":[{"count":2,"href":"https:\/\/interbaproject.com\/index.php?rest_route=\/wp\/v2\/posts\/1070\/revisions"}],"predecessor-version":[{"id":1156,"href":"https:\/\/interbaproject.com\/index.php?rest_route=\/wp\/v2\/posts\/1070\/revisions\/1156"}],"wp:featuredmedia":[{"embeddable":true,"href":"https:\/\/interbaproject.com\/index.php?rest_route=\/wp\/v2\/media\/1071"}],"wp:attachment":[{"href":"https:\/\/interbaproject.com\/index.php?rest_route=%2Fwp%2Fv2%2Fmedia&parent=1070"}],"wp:term":[{"taxonomy":"category","embeddable":true,"href":"https:\/\/interbaproject.com\/index.php?rest_route=%2Fwp%2Fv2%2Fcategories&post=1070"},{"taxonomy":"post_tag","embeddable":true,"href":"https:\/\/interbaproject.com\/index.php?rest_route=%2Fwp%2Fv2%2Ftags&post=1070"}],"curies":[{"name":"wp","href":"https:\/\/api.w.org\/{rel}","templated":true}]}}